{"id":4725,"date":"2026-01-07T11:28:14","date_gmt":"2026-01-07T11:28:14","guid":{"rendered":"https:\/\/dte.utalca.cl\/?p=4725"},"modified":"2026-01-07T11:30:52","modified_gmt":"2026-01-07T11:30:52","slug":"cierre-1-concurso-piloto-rv-aula-2025","status":"publish","type":"post","link":"https:\/\/dte.utalca.cl\/index.php\/2026\/01\/07\/cierre-1-concurso-piloto-rv-aula-2025\/","title":{"rendered":"Direcci\u00f3n de Tecnolog\u00edas Educativas cierra la convocatoria del piloto de realidad virtual en el aula 2025"},"content":{"rendered":"\t\t<div data-elementor-type=\"wp-post\" data-elementor-id=\"4725\" class=\"elementor elementor-4725\">\n\t\t\t\t\t\t\t\t\t<section class=\"elementor-section elementor-top-section elementor-element elementor-element-6c4d003 elementor-section-boxed elementor-section-height-default elementor-section-height-default\" data-id=\"6c4d003\" data-element_type=\"section\">\n\t\t\t\t\t\t<div class=\"elementor-container elementor-column-gap-default\">\n\t\t\t\t\t<div class=\"elementor-column elementor-col-100 elementor-top-column elementor-element elementor-element-49f03a9\" data-id=\"49f03a9\" data-element_type=\"column\">\n\t\t\t<div class=\"elementor-widget-wrap elementor-element-populated\">\n\t\t\t\t\t\t\t\t<div class=\"elementor-element elementor-element-6b17f48 elementor-widget elementor-widget-heading\" data-id=\"6b17f48\" data-element_type=\"widget\" data-widget_type=\"heading.default\">\n\t\t\t\t<div class=\"elementor-widget-container\">\n\t\t\t<style>\/*! elementor - v3.8.1 - 13-11-2022 *\/\n.elementor-heading-title{padding:0;margin:0;line-height:1}.elementor-widget-heading .elementor-heading-title[class*=elementor-size-]>a{color:inherit;font-size:inherit;line-height:inherit}.elementor-widget-heading .elementor-heading-title.elementor-size-small{font-size:15px}.elementor-widget-heading .elementor-heading-title.elementor-size-medium{font-size:19px}.elementor-widget-heading .elementor-heading-title.elementor-size-large{font-size:29px}.elementor-widget-heading .elementor-heading-title.elementor-size-xl{font-size:39px}.elementor-widget-heading .elementor-heading-title.elementor-size-xxl{font-size:59px}<\/style><h2 class=\"elementor-heading-title elementor-size-default\">Universidad de Talca cierra convocatoria del piloto de realidad virtual en el aula 2025<\/h2>\t\t<\/div>\n\t\t\t\t<\/div>\n\t\t\t\t<div class=\"elementor-element elementor-element-0ee48f2 elementor-widget elementor-widget-text-editor\" data-id=\"0ee48f2\" data-element_type=\"widget\" data-widget_type=\"text-editor.default\">\n\t\t\t\t<div class=\"elementor-widget-container\">\n\t\t\t<style>\/*! elementor - v3.8.1 - 13-11-2022 *\/\n.elementor-widget-text-editor.elementor-drop-cap-view-stacked .elementor-drop-cap{background-color:#818a91;color:#fff}.elementor-widget-text-editor.elementor-drop-cap-view-framed .elementor-drop-cap{color:#818a91;border:3px solid;background-color:transparent}.elementor-widget-text-editor:not(.elementor-drop-cap-view-default) .elementor-drop-cap{margin-top:8px}.elementor-widget-text-editor:not(.elementor-drop-cap-view-default) .elementor-drop-cap-letter{width:1em;height:1em}.elementor-widget-text-editor .elementor-drop-cap{float:left;text-align:center;line-height:1;font-size:50px}.elementor-widget-text-editor .elementor-drop-cap-letter{display:inline-block}<\/style>\t\t\t\t<p><strong>La ceremonia reuni\u00f3 a autoridades universitarias y docentes para presentar los resultados de seis proyectos ejecutados en el marco del concurso, destacando el impacto de la realidad virtual como apoyo a la innovaci\u00f3n pedag\u00f3gica y proyectando nuevas l\u00edneas de desarrollo para 2026.<br \/><\/strong><br \/><i>Autor: Manuel Moscoso Dom\u00ednguez | enero 2026<\/i><\/p>\t\t\t\t\t\t<\/div>\n\t\t\t\t<\/div>\n\t\t\t\t\t<\/div>\n\t\t<\/div>\n\t\t\t\t\t\t\t<\/div>\n\t\t<\/section>\n\t\t\t\t<section class=\"elementor-section elementor-top-section elementor-element elementor-element-a9c05f1 elementor-section-boxed elementor-section-height-default elementor-section-height-default\" data-id=\"a9c05f1\" data-element_type=\"section\">\n\t\t\t\t\t\t<div class=\"elementor-container elementor-column-gap-default\">\n\t\t\t\t\t<div class=\"elementor-column elementor-col-100 elementor-top-column elementor-element elementor-element-0106e9b\" data-id=\"0106e9b\" data-element_type=\"column\">\n\t\t\t<div class=\"elementor-widget-wrap elementor-element-populated\">\n\t\t\t\t\t\t\t\t<div class=\"elementor-element elementor-element-9c00369 elementor-widget elementor-widget-text-editor\" data-id=\"9c00369\" data-element_type=\"widget\" data-widget_type=\"text-editor.default\">\n\t\t\t\t<div class=\"elementor-widget-container\">\n\t\t\t\t\t\t\t<p data-start=\"342\" data-end=\"640\"><img decoding=\"async\" loading=\"lazy\" class=\"size-large wp-image-4728 aligncenter\" src=\"https:\/\/dte.utalca.cl\/wp-content\/uploads\/2026\/01\/WhatsApp-Image-2026-01-07-at-08.21.10-1024x461.jpeg\" alt=\"\" width=\"1024\" height=\"461\" srcset=\"https:\/\/dte.utalca.cl\/wp-content\/uploads\/2026\/01\/WhatsApp-Image-2026-01-07-at-08.21.10-1024x461.jpeg 1024w, https:\/\/dte.utalca.cl\/wp-content\/uploads\/2026\/01\/WhatsApp-Image-2026-01-07-at-08.21.10-300x135.jpeg 300w, https:\/\/dte.utalca.cl\/wp-content\/uploads\/2026\/01\/WhatsApp-Image-2026-01-07-at-08.21.10-768x346.jpeg 768w, https:\/\/dte.utalca.cl\/wp-content\/uploads\/2026\/01\/WhatsApp-Image-2026-01-07-at-08.21.10-1536x692.jpeg 1536w, https:\/\/dte.utalca.cl\/wp-content\/uploads\/2026\/01\/WhatsApp-Image-2026-01-07-at-08.21.10-2048x922.jpeg 2048w, https:\/\/dte.utalca.cl\/wp-content\/uploads\/2026\/01\/WhatsApp-Image-2026-01-07-at-08.21.10-1000x450.jpeg 1000w, https:\/\/dte.utalca.cl\/wp-content\/uploads\/2026\/01\/WhatsApp-Image-2026-01-07-at-08.21.10-230x104.jpeg 230w, https:\/\/dte.utalca.cl\/wp-content\/uploads\/2026\/01\/WhatsApp-Image-2026-01-07-at-08.21.10-350x158.jpeg 350w, https:\/\/dte.utalca.cl\/wp-content\/uploads\/2026\/01\/WhatsApp-Image-2026-01-07-at-08.21.10-480x216.jpeg 480w\" sizes=\"(max-width: 1024px) 100vw, 1024px\" \/><\/p>\t\t\t\t\t\t<\/div>\n\t\t\t\t<\/div>\n\t\t\t\t\t<\/div>\n\t\t<\/div>\n\t\t\t\t\t\t\t<\/div>\n\t\t<\/section>\n\t\t\t\t<section class=\"elementor-section elementor-top-section elementor-element elementor-element-143563d elementor-section-boxed elementor-section-height-default elementor-section-height-default\" data-id=\"143563d\" data-element_type=\"section\">\n\t\t\t\t\t\t<div class=\"elementor-container elementor-column-gap-default\">\n\t\t\t\t\t<div class=\"elementor-column elementor-col-100 elementor-top-column elementor-element elementor-element-7a7d75a\" data-id=\"7a7d75a\" data-element_type=\"column\">\n\t\t\t<div class=\"elementor-widget-wrap\">\n\t\t\t\t\t\t\t\t\t<\/div>\n\t\t<\/div>\n\t\t\t\t\t\t\t<\/div>\n\t\t<\/section>\n\t\t\t\t<section class=\"elementor-section elementor-top-section elementor-element elementor-element-ce37dab elementor-section-boxed elementor-section-height-default elementor-section-height-default\" data-id=\"ce37dab\" data-element_type=\"section\">\n\t\t\t\t\t\t<div class=\"elementor-container elementor-column-gap-default\">\n\t\t\t\t\t<div class=\"elementor-column elementor-col-100 elementor-top-column elementor-element elementor-element-31275b9\" data-id=\"31275b9\" data-element_type=\"column\">\n\t\t\t<div class=\"elementor-widget-wrap elementor-element-populated\">\n\t\t\t\t\t\t\t\t<div class=\"elementor-element elementor-element-44a2875 elementor-widget elementor-widget-text-editor\" data-id=\"44a2875\" data-element_type=\"widget\" data-widget_type=\"text-editor.default\">\n\t\t\t\t<div class=\"elementor-widget-container\">\n\t\t\t\t\t\t\t<p data-start=\"692\" data-end=\"1033\">El <strong data-start=\"695\" data-end=\"716\">martes 6 de enero<\/strong> se realiz\u00f3 la <strong data-start=\"731\" data-end=\"829\">ceremonia de cierre de la convocatoria del concurso Piloto de Realidad Virtual en el Aula 2025<\/strong>, iniciativa impulsada por la <strong data-start=\"859\" data-end=\"904\">Direcci\u00f3n de Tecnolog\u00edas Educativas (DTE)<\/strong> de la Universidad de Talca, orientada a integrar <strong data-start=\"954\" data-end=\"980\">experiencias virtuales<\/strong> en actividades pedag\u00f3gicas de distintas disciplinas.<\/p><p data-start=\"1035\" data-end=\"1419\">La actividad cont\u00f3 con la participaci\u00f3n de el <strong data-start=\"1122\" data-end=\"1158\">Rector, Carlos Torres Fuschloger<\/strong>, y la <strong data-start=\"1165\" data-end=\"1217\">Vicerrectora de Formaci\u00f3n, Paula Manr\u00edquez Novoa<\/strong>, quienes acompa\u00f1aron a los docentes adjudicados y destacaron la relevancia de este tipo de iniciativas para fortalecer los procesos de ense\u00f1anza y aprendizaje mediante el uso de tecnolog\u00edas emergentes.<\/p><p data-start=\"1421\" data-end=\"1825\">Durante la ceremonia se present\u00f3 el contexto general del concurso, junto con cifras relevantes de la convocatoria: <strong data-start=\"1536\" data-end=\"1563\">25 proyectos postulados<\/strong>, de los cuales <strong data-start=\"1579\" data-end=\"1618\">6 fueron seleccionados y ejecutados<\/strong>. Estos se clasificaron en tres tipos de experiencias virtuales: <strong data-start=\"1683\" data-end=\"1695\">Tour 360<\/strong>, <strong data-start=\"1697\" data-end=\"1712\">Caminata 3D<\/strong> y <strong data-start=\"1715\" data-end=\"1728\">Video 360<\/strong>, cuyas caracter\u00edsticas y alcances se encuentran disponibles en el sitio institucional de la DTE.<\/p><p data-start=\"1827\" data-end=\"2242\">Uno de los momentos centrales del encuentro fue la exhibici\u00f3n de <strong data-start=\"1892\" data-end=\"1929\">videos de entre uno y dos minutos<\/strong> por cada proyecto, los que permitieron evidenciar el trabajo desarrollado y los resultados alcanzados. Esta instancia marc\u00f3 la <strong data-start=\"2057\" data-end=\"2181\">primera oportunidad en que los docentes adjudicados pudieron conocer y visualizar los proyectos realizados por sus pares<\/strong>, favoreciendo el intercambio de experiencias y aprendizajes.<\/p><p data-start=\"2244\" data-end=\"2654\">Asimismo, se presentaron <strong data-start=\"2269\" data-end=\"2310\">l\u00edneas de proyecci\u00f3n para el a\u00f1o 2026<\/strong>, entre las que destacan el desarrollo de un <strong data-start=\"2355\" data-end=\"2385\">visualizador de modelos 3D<\/strong>, la posibilidad de acceso a las experiencias mediante <strong data-start=\"2440\" data-end=\"2471\">visores de realidad virtual<\/strong>, <strong data-start=\"2473\" data-end=\"2500\">computadores personales<\/strong> y <strong data-start=\"2503\" data-end=\"2527\">dispositivos m\u00f3viles<\/strong>, as\u00ed como la <strong data-start=\"2541\" data-end=\"2579\">interoperabilidad entre soluciones<\/strong>, permitiendo, por ejemplo, el acceso a <strong data-start=\"2619\" data-end=\"2653\">Tour 360 a trav\u00e9s de la APPTUI<\/strong>.<\/p><p data-start=\"2656\" data-end=\"2959\">La ceremonia incluy\u00f3 tambi\u00e9n un espacio de di\u00e1logo en el que docentes y autoridades compartieron reflexiones e ideas, coincidiendo en la <strong data-start=\"2793\" data-end=\"2868\">importancia de contar con un equipo t\u00e9cnico y profesional especializado<\/strong> que acompa\u00f1e y potencie el quehacer docente en el uso pedag\u00f3gico de tecnolog\u00edas digitales.<\/p><p data-start=\"2961\" data-end=\"3029\">Los proyectos ejecutados en esta convocatoria fueron los siguientes:<\/p><ul data-start=\"3031\" data-end=\"3627\"><li data-start=\"3031\" data-end=\"3108\"><p data-start=\"3033\" data-end=\"3108\"><strong data-start=\"3033\" data-end=\"3076\">Tour 360 \u2013 Laboratorio de Parasitolog\u00eda<\/strong>, docente: <em data-start=\"3087\" data-end=\"3105\">Patricia Poblete<\/em>.<\/p><\/li><li data-start=\"3109\" data-end=\"3213\"><p data-start=\"3111\" data-end=\"3213\"><strong data-start=\"3111\" data-end=\"3163\">Tour 360 \u2013 Laboratorio Precl\u00ednico de Odontolog\u00eda<\/strong>, docentes: <em data-start=\"3175\" data-end=\"3189\">Juan Marilao<\/em> y <em data-start=\"3192\" data-end=\"3210\">Cecilia Saavedra<\/em>.<\/p><\/li><li data-start=\"3214\" data-end=\"3285\"><p data-start=\"3216\" data-end=\"3285\"><strong data-start=\"3216\" data-end=\"3259\">Tour 360 \u2013 Laboratorio de Microbiolog\u00eda<\/strong>, docente: <em data-start=\"3270\" data-end=\"3282\">Olga Lobos<\/em>.<\/p><\/li><li data-start=\"3286\" data-end=\"3471\"><p data-start=\"3288\" data-end=\"3471\"><strong data-start=\"3288\" data-end=\"3335\">Tour 360 \u2013 Sala de Simulaci\u00f3n de Enfermer\u00eda<\/strong>, docentes: <em data-start=\"3347\" data-end=\"3370\">Valeria Poblete \u00c1vila<\/em>, <em data-start=\"3372\" data-end=\"3390\">Jos\u00e9 Arroyo Roco<\/em>, <em data-start=\"3392\" data-end=\"3410\">Wanda Bustamante<\/em>, <em data-start=\"3412\" data-end=\"3437\">B\u00e1rbara Fern\u00e1ndez Tapia<\/em> y <em data-start=\"3440\" data-end=\"3468\">Mar\u00eda In\u00e9s Ram\u00edrez Vergara<\/em>.<\/p><\/li><li data-start=\"3472\" data-end=\"3551\"><p data-start=\"3474\" data-end=\"3551\"><strong data-start=\"3474\" data-end=\"3522\">Caminata 3D \u2013 Metodolog\u00eda BIM, Arquitectura,<\/strong>\u00a0docente: <em data-start=\"3533\" data-end=\"3548\">Marcelo Ojeda<\/em>.<\/p><\/li><li data-start=\"3552\" data-end=\"3627\"><p data-start=\"3554\" data-end=\"3627\"><strong data-start=\"3554\" data-end=\"3596\">Video 360 \u2013 Acompa\u00f1amiento de trompeta<\/strong>, docente: <em data-start=\"3607\" data-end=\"3624\">Leafar Riobueno<\/em>.<\/p><\/li><\/ul><p data-start=\"3629\" data-end=\"4015\">Esta ceremonia de cierre consolida una experiencia piloto que refuerza el compromiso de la Universidad de Talca, y en particular de la <strong data-start=\"3764\" data-end=\"3803\">Direcci\u00f3n de Tecnolog\u00edas Educativas<\/strong>, con la <strong data-start=\"3812\" data-end=\"3837\">innovaci\u00f3n pedag\u00f3gica<\/strong>, la <strong data-start=\"3842\" data-end=\"3885\">incorporaci\u00f3n de tecnolog\u00edas inmersivas<\/strong> y el <strong data-start=\"3891\" data-end=\"3942\">trabajo colaborativo con docentes y autoridades<\/strong>, sentando bases s\u00f3lidas para futuras etapas de desarrollo institucional.<\/p>\t\t\t\t\t\t<\/div>\n\t\t\t\t<\/div>\n\t\t\t\t\t<\/div>\n\t\t<\/div>\n\t\t\t\t\t\t\t<\/div>\n\t\t<\/section>\n\t\t\t\t\t\t\t<\/div>\n\t\t","protected":false},"excerpt":{"rendered":"<p>Universidad de Talca cierra convocatoria del piloto de realidad virtual en el aula 2025 La ceremonia reuni\u00f3 a autoridades universitarias y docentes [&hellip;]<\/p>\n","protected":false},"author":6,"featured_media":0,"comment_status":"closed","ping_status":"open","sticky":false,"template":"elementor_header_footer","format":"standard","meta":[],"categories":[10],"tags":[],"_links":{"self":[{"href":"https:\/\/dte.utalca.cl\/index.php\/wp-json\/wp\/v2\/posts\/4725"}],"collection":[{"href":"https:\/\/dte.utalca.cl\/index.php\/wp-json\/wp\/v2\/posts"}],"about":[{"href":"https:\/\/dte.utalca.cl\/index.php\/wp-json\/wp\/v2\/types\/post"}],"author":[{"embeddable":true,"href":"https:\/\/dte.utalca.cl\/index.php\/wp-json\/wp\/v2\/users\/6"}],"replies":[{"embeddable":true,"href":"https:\/\/dte.utalca.cl\/index.php\/wp-json\/wp\/v2\/comments?post=4725"}],"version-history":[{"count":8,"href":"https:\/\/dte.utalca.cl\/index.php\/wp-json\/wp\/v2\/posts\/4725\/revisions"}],"predecessor-version":[{"id":4735,"href":"https:\/\/dte.utalca.cl\/index.php\/wp-json\/wp\/v2\/posts\/4725\/revisions\/4735"}],"wp:attachment":[{"href":"https:\/\/dte.utalca.cl\/index.php\/wp-json\/wp\/v2\/media?parent=4725"}],"wp:term":[{"taxonomy":"category","embeddable":true,"href":"https:\/\/dte.utalca.cl\/index.php\/wp-json\/wp\/v2\/categories?post=4725"},{"taxonomy":"post_tag","embeddable":true,"href":"https:\/\/dte.utalca.cl\/index.php\/wp-json\/wp\/v2\/tags?post=4725"}],"curies":[{"name":"wp","href":"https:\/\/api.w.org\/{rel}","templated":true}]}}